{"id":549,"date":"2018-06-22T19:51:43","date_gmt":"2018-06-22T19:51:43","guid":{"rendered":"https:\/\/www.lespierresparlent.com\/?p=549"},"modified":"2024-05-28T11:50:48","modified_gmt":"2024-05-28T11:50:48","slug":"4-langues-pour-la-cathedrale-de-versailles","status":"publish","type":"post","link":"https:\/\/www.lespierresparlent.com\/index.php\/2018\/06\/22\/4-langues-pour-la-cathedrale-de-versailles\/","title":{"rendered":"4 langues pour la cath\u00e9drale de Versailles"},"content":{"rendered":"\n<p>La cath\u00e9drale de Versailles s&rsquo;est \u00e9quip\u00e9e r\u00e9cemment des Pierres Parlent, l&rsquo;occasion pour les touristes et les \u00e9trangers de d\u00e9couvrir la richesse de ce lieu. <\/p>\n\n\n\n<p>Traduite en anglais, allemand et espagnol, la visite d&rsquo;une quinzaine de minutes permet d&rsquo;appr\u00e9cier l&rsquo;essentiel de l&rsquo;\u00e9difice.<\/p>\n\n\n\n<p>A d\u00e9couvrir sur <a href=\"http:\/\/cathedrale-saintlouis.fr\">cathedrale-saintlouis.fr<\/a><\/p>\n","protected":false},"excerpt":{"rendered":"<p>La cath\u00e9drale de Versailles s&rsquo;est \u00e9quip\u00e9e r\u00e9cemment des Pierres Parlent, l&rsquo;occasion pour les touristes et les \u00e9trangers de d\u00e9couvrir la richesse de ce lieu. Traduite en anglais, allemand et espagnol, la visite d&rsquo;une quinzaine de minutes permet d&rsquo;appr\u00e9cier l&rsquo;essentiel de l&rsquo;\u00e9difice. A d\u00e9couvrir sur cathedrale-saintlouis.fr<\/p>\n","protected":false},"author":1,"featured_media":833,"comment_status":"closed","ping_status":"closed","sticky":false,"template":"","format":"standard","meta":{"footnotes":""},"categories":[1],"tags":[],"class_list":["post-549","post","type-post","status-publish","format-standard","has-post-thumbnail","hentry","category-uncategorized","entry","has-media"],"yoast_head":"<!-- This site is optimized with the Yoast SEO plugin v27.5 - https:\/\/yoast.com\/product\/yoast-seo-wordpress\/ -->\n<title>4 langues pour la cath\u00e9drale de Versailles - Les Pierres Parlent<\/title>\n<meta name=\"robots\" content=\"index, follow, max-snippet:-1, max-image-preview:large, max-video-preview:-1\" \/>\n<link rel=\"canonical\" href=\"https:\/\/www.lespierresparlent.com\/index.php\/2018\/06\/22\/4-langues-pour-la-cathedrale-de-versailles\/\" \/>\n<meta property=\"og:locale\" content=\"fr_FR\" \/>\n<meta property=\"og:type\" content=\"article\" \/>\n<meta property=\"og:title\" content=\"4 langues pour la cath\u00e9drale de Versailles - Les Pierres Parlent\" \/>\n<meta property=\"og:description\" content=\"La cath\u00e9drale de Versailles s&rsquo;est \u00e9quip\u00e9e r\u00e9cemment des Pierres Parlent, l&rsquo;occasion pour les touristes et les \u00e9trangers de d\u00e9couvrir la richesse de ce lieu. Traduite en anglais, allemand et espagnol, la visite d&rsquo;une quinzaine de minutes permet d&rsquo;appr\u00e9cier l&rsquo;essentiel de l&rsquo;\u00e9difice. A d\u00e9couvrir sur cathedrale-saintlouis.fr\" \/>\n<meta property=\"og:url\" content=\"https:\/\/www.lespierresparlent.com\/index.php\/2018\/06\/22\/4-langues-pour-la-cathedrale-de-versailles\/\" \/>\n<meta property=\"og:site_name\" content=\"Les Pierres Parlent\" \/>\n<meta property=\"article:published_time\" content=\"2018-06-22T19:51:43+00:00\" \/>\n<meta property=\"article:modified_time\" content=\"2024-05-28T11:50:48+00:00\" \/>\n<meta property=\"og:image\" content=\"https:\/\/www.lespierresparlent.com\/wp-content\/uploads\/2018\/06\/798px-Cathedrale_saint_louis_versailles_quart-e1547817380434.jpg\" \/>\n\t<meta property=\"og:image:width\" content=\"450\" \/>\n\t<meta property=\"og:image:height\" content=\"450\" \/>\n\t<meta property=\"og:image:type\" content=\"image\/jpeg\" \/>\n<meta name=\"author\" content=\"antoine\" \/>\n<meta name=\"twitter:card\" content=\"summary_large_image\" \/>\n<meta name=\"twitter:label1\" content=\"\u00c9crit par\" \/>\n\t<meta name=\"twitter:data1\" content=\"antoine\" \/>\n\t<meta name=\"twitter:label2\" content=\"Dur\u00e9e de lecture estim\u00e9e\" \/>\n\t<meta name=\"twitter:data2\" content=\"1 minute\" \/>\n<script type=\"application\/ld+json\" class=\"yoast-schema-graph\">{\"@context\":\"https:\\\/\\\/schema.org\",\"@graph\":[{\"@type\":\"Article\",\"@id\":\"https:\\\/\\\/www.lespierresparlent.com\\\/index.php\\\/2018\\\/06\\\/22\\\/4-langues-pour-la-cathedrale-de-versailles\\\/#article\",\"isPartOf\":{\"@id\":\"https:\\\/\\\/www.lespierresparlent.com\\\/index.php\\\/2018\\\/06\\\/22\\\/4-langues-pour-la-cathedrale-de-versailles\\\/\"},\"author\":{\"name\":\"antoine\",\"@id\":\"https:\\\/\\\/www.lespierresparlent.com\\\/#\\\/schema\\\/person\\\/98347f16c99dc147448c85eb19b0b5d6\"},\"headline\":\"4 langues pour la cath\u00e9drale de Versailles\",\"datePublished\":\"2018-06-22T19:51:43+00:00\",\"dateModified\":\"2024-05-28T11:50:48+00:00\",\"mainEntityOfPage\":{\"@id\":\"https:\\\/\\\/www.lespierresparlent.com\\\/index.php\\\/2018\\\/06\\\/22\\\/4-langues-pour-la-cathedrale-de-versailles\\\/\"},\"wordCount\":65,\"publisher\":{\"@id\":\"https:\\\/\\\/www.lespierresparlent.com\\\/#organization\"},\"image\":{\"@id\":\"https:\\\/\\\/www.lespierresparlent.com\\\/index.php\\\/2018\\\/06\\\/22\\\/4-langues-pour-la-cathedrale-de-versailles\\\/#primaryimage\"},\"thumbnailUrl\":\"https:\\\/\\\/www.lespierresparlent.com\\\/wp-content\\\/uploads\\\/2018\\\/06\\\/798px-Cathedrale_saint_louis_versailles_quart-e1547817380434.jpg\",\"articleSection\":[\"Uncategorized\"],\"inLanguage\":\"fr-FR\"},{\"@type\":\"WebPage\",\"@id\":\"https:\\\/\\\/www.lespierresparlent.com\\\/index.php\\\/2018\\\/06\\\/22\\\/4-langues-pour-la-cathedrale-de-versailles\\\/\",\"url\":\"https:\\\/\\\/www.lespierresparlent.com\\\/index.php\\\/2018\\\/06\\\/22\\\/4-langues-pour-la-cathedrale-de-versailles\\\/\",\"name\":\"4 langues pour la cath\u00e9drale de Versailles - Les Pierres Parlent\",\"isPartOf\":{\"@id\":\"https:\\\/\\\/www.lespierresparlent.com\\\/#website\"},\"primaryImageOfPage\":{\"@id\":\"https:\\\/\\\/www.lespierresparlent.com\\\/index.php\\\/2018\\\/06\\\/22\\\/4-langues-pour-la-cathedrale-de-versailles\\\/#primaryimage\"},\"image\":{\"@id\":\"https:\\\/\\\/www.lespierresparlent.com\\\/index.php\\\/2018\\\/06\\\/22\\\/4-langues-pour-la-cathedrale-de-versailles\\\/#primaryimage\"},\"thumbnailUrl\":\"https:\\\/\\\/www.lespierresparlent.com\\\/wp-content\\\/uploads\\\/2018\\\/06\\\/798px-Cathedrale_saint_louis_versailles_quart-e1547817380434.jpg\",\"datePublished\":\"2018-06-22T19:51:43+00:00\",\"dateModified\":\"2024-05-28T11:50:48+00:00\",\"breadcrumb\":{\"@id\":\"https:\\\/\\\/www.lespierresparlent.com\\\/index.php\\\/2018\\\/06\\\/22\\\/4-langues-pour-la-cathedrale-de-versailles\\\/#breadcrumb\"},\"inLanguage\":\"fr-FR\",\"potentialAction\":[{\"@type\":\"ReadAction\",\"target\":[\"https:\\\/\\\/www.lespierresparlent.com\\\/index.php\\\/2018\\\/06\\\/22\\\/4-langues-pour-la-cathedrale-de-versailles\\\/\"]}]},{\"@type\":\"ImageObject\",\"inLanguage\":\"fr-FR\",\"@id\":\"https:\\\/\\\/www.lespierresparlent.com\\\/index.php\\\/2018\\\/06\\\/22\\\/4-langues-pour-la-cathedrale-de-versailles\\\/#primaryimage\",\"url\":\"https:\\\/\\\/www.lespierresparlent.com\\\/wp-content\\\/uploads\\\/2018\\\/06\\\/798px-Cathedrale_saint_louis_versailles_quart-e1547817380434.jpg\",\"contentUrl\":\"https:\\\/\\\/www.lespierresparlent.com\\\/wp-content\\\/uploads\\\/2018\\\/06\\\/798px-Cathedrale_saint_louis_versailles_quart-e1547817380434.jpg\",\"width\":450,\"height\":450,\"caption\":\"CREATOR: gd-jpeg v1.0 (using IJG JPEG v62), quality = 82\"},{\"@type\":\"BreadcrumbList\",\"@id\":\"https:\\\/\\\/www.lespierresparlent.com\\\/index.php\\\/2018\\\/06\\\/22\\\/4-langues-pour-la-cathedrale-de-versailles\\\/#breadcrumb\",\"itemListElement\":[{\"@type\":\"ListItem\",\"position\":1,\"name\":\"Accueil\",\"item\":\"https:\\\/\\\/www.lespierresparlent.com\\\/\"},{\"@type\":\"ListItem\",\"position\":2,\"name\":\"4 langues pour la cath\u00e9drale de Versailles\"}]},{\"@type\":\"WebSite\",\"@id\":\"https:\\\/\\\/www.lespierresparlent.com\\\/#website\",\"url\":\"https:\\\/\\\/www.lespierresparlent.com\\\/\",\"name\":\"Les Pierres Parlent\",\"description\":\"Audioguide sur smartphone\",\"publisher\":{\"@id\":\"https:\\\/\\\/www.lespierresparlent.com\\\/#organization\"},\"potentialAction\":[{\"@type\":\"SearchAction\",\"target\":{\"@type\":\"EntryPoint\",\"urlTemplate\":\"https:\\\/\\\/www.lespierresparlent.com\\\/?s={search_term_string}\"},\"query-input\":{\"@type\":\"PropertyValueSpecification\",\"valueRequired\":true,\"valueName\":\"search_term_string\"}}],\"inLanguage\":\"fr-FR\"},{\"@type\":\"Organization\",\"@id\":\"https:\\\/\\\/www.lespierresparlent.com\\\/#organization\",\"name\":\"Les Pierres Parlent\",\"url\":\"https:\\\/\\\/www.lespierresparlent.com\\\/\",\"logo\":{\"@type\":\"ImageObject\",\"inLanguage\":\"fr-FR\",\"@id\":\"https:\\\/\\\/www.lespierresparlent.com\\\/#\\\/schema\\\/logo\\\/image\\\/\",\"url\":\"https:\\\/\\\/www.lespierresparlent.com\\\/wp-content\\\/uploads\\\/2019\\\/04\\\/cropped-blue.png\",\"contentUrl\":\"https:\\\/\\\/www.lespierresparlent.com\\\/wp-content\\\/uploads\\\/2019\\\/04\\\/cropped-blue.png\",\"width\":2638,\"height\":1695,\"caption\":\"Les Pierres Parlent\"},\"image\":{\"@id\":\"https:\\\/\\\/www.lespierresparlent.com\\\/#\\\/schema\\\/logo\\\/image\\\/\"}},{\"@type\":\"Person\",\"@id\":\"https:\\\/\\\/www.lespierresparlent.com\\\/#\\\/schema\\\/person\\\/98347f16c99dc147448c85eb19b0b5d6\",\"name\":\"antoine\",\"image\":{\"@type\":\"ImageObject\",\"inLanguage\":\"fr-FR\",\"@id\":\"https:\\\/\\\/secure.gravatar.com\\\/avatar\\\/91bffd4b6e69b3482d41315c6ca0ab07be309abcd7d347d6366bac3517ec185b?s=96&d=mm&r=g\",\"url\":\"https:\\\/\\\/secure.gravatar.com\\\/avatar\\\/91bffd4b6e69b3482d41315c6ca0ab07be309abcd7d347d6366bac3517ec185b?s=96&d=mm&r=g\",\"contentUrl\":\"https:\\\/\\\/secure.gravatar.com\\\/avatar\\\/91bffd4b6e69b3482d41315c6ca0ab07be309abcd7d347d6366bac3517ec185b?s=96&d=mm&r=g\",\"caption\":\"antoine\"},\"url\":\"https:\\\/\\\/www.lespierresparlent.com\\\/index.php\\\/author\\\/antoine\\\/\"}]}<\/script>\n<!-- \/ Yoast SEO plugin. -->","yoast_head_json":{"title":"4 langues pour la cath\u00e9drale de Versailles - Les Pierres Parlent","robots":{"index":"index","follow":"follow","max-snippet":"max-snippet:-1","max-image-preview":"max-image-preview:large","max-video-preview":"max-video-preview:-1"},"canonical":"https:\/\/www.lespierresparlent.com\/index.php\/2018\/06\/22\/4-langues-pour-la-cathedrale-de-versailles\/","og_locale":"fr_FR","og_type":"article","og_title":"4 langues pour la cath\u00e9drale de Versailles - Les Pierres Parlent","og_description":"La cath\u00e9drale de Versailles s&rsquo;est \u00e9quip\u00e9e r\u00e9cemment des Pierres Parlent, l&rsquo;occasion pour les touristes et les \u00e9trangers de d\u00e9couvrir la richesse de ce lieu. Traduite en anglais, allemand et espagnol, la visite d&rsquo;une quinzaine de minutes permet d&rsquo;appr\u00e9cier l&rsquo;essentiel de l&rsquo;\u00e9difice. A d\u00e9couvrir sur cathedrale-saintlouis.fr","og_url":"https:\/\/www.lespierresparlent.com\/index.php\/2018\/06\/22\/4-langues-pour-la-cathedrale-de-versailles\/","og_site_name":"Les Pierres Parlent","article_published_time":"2018-06-22T19:51:43+00:00","article_modified_time":"2024-05-28T11:50:48+00:00","og_image":[{"width":450,"height":450,"url":"https:\/\/www.lespierresparlent.com\/wp-content\/uploads\/2018\/06\/798px-Cathedrale_saint_louis_versailles_quart-e1547817380434.jpg","type":"image\/jpeg"}],"author":"antoine","twitter_card":"summary_large_image","twitter_misc":{"\u00c9crit par":"antoine","Dur\u00e9e de lecture estim\u00e9e":"1 minute"},"schema":{"@context":"https:\/\/schema.org","@graph":[{"@type":"Article","@id":"https:\/\/www.lespierresparlent.com\/index.php\/2018\/06\/22\/4-langues-pour-la-cathedrale-de-versailles\/#article","isPartOf":{"@id":"https:\/\/www.lespierresparlent.com\/index.php\/2018\/06\/22\/4-langues-pour-la-cathedrale-de-versailles\/"},"author":{"name":"antoine","@id":"https:\/\/www.lespierresparlent.com\/#\/schema\/person\/98347f16c99dc147448c85eb19b0b5d6"},"headline":"4 langues pour la cath\u00e9drale de Versailles","datePublished":"2018-06-22T19:51:43+00:00","dateModified":"2024-05-28T11:50:48+00:00","mainEntityOfPage":{"@id":"https:\/\/www.lespierresparlent.com\/index.php\/2018\/06\/22\/4-langues-pour-la-cathedrale-de-versailles\/"},"wordCount":65,"publisher":{"@id":"https:\/\/www.lespierresparlent.com\/#organization"},"image":{"@id":"https:\/\/www.lespierresparlent.com\/index.php\/2018\/06\/22\/4-langues-pour-la-cathedrale-de-versailles\/#primaryimage"},"thumbnailUrl":"https:\/\/www.lespierresparlent.com\/wp-content\/uploads\/2018\/06\/798px-Cathedrale_saint_louis_versailles_quart-e1547817380434.jpg","articleSection":["Uncategorized"],"inLanguage":"fr-FR"},{"@type":"WebPage","@id":"https:\/\/www.lespierresparlent.com\/index.php\/2018\/06\/22\/4-langues-pour-la-cathedrale-de-versailles\/","url":"https:\/\/www.lespierresparlent.com\/index.php\/2018\/06\/22\/4-langues-pour-la-cathedrale-de-versailles\/","name":"4 langues pour la cath\u00e9drale de Versailles - Les Pierres Parlent","isPartOf":{"@id":"https:\/\/www.lespierresparlent.com\/#website"},"primaryImageOfPage":{"@id":"https:\/\/www.lespierresparlent.com\/index.php\/2018\/06\/22\/4-langues-pour-la-cathedrale-de-versailles\/#primaryimage"},"image":{"@id":"https:\/\/www.lespierresparlent.com\/index.php\/2018\/06\/22\/4-langues-pour-la-cathedrale-de-versailles\/#primaryimage"},"thumbnailUrl":"https:\/\/www.lespierresparlent.com\/wp-content\/uploads\/2018\/06\/798px-Cathedrale_saint_louis_versailles_quart-e1547817380434.jpg","datePublished":"2018-06-22T19:51:43+00:00","dateModified":"2024-05-28T11:50:48+00:00","breadcrumb":{"@id":"https:\/\/www.lespierresparlent.com\/index.php\/2018\/06\/22\/4-langues-pour-la-cathedrale-de-versailles\/#breadcrumb"},"inLanguage":"fr-FR","potentialAction":[{"@type":"ReadAction","target":["https:\/\/www.lespierresparlent.com\/index.php\/2018\/06\/22\/4-langues-pour-la-cathedrale-de-versailles\/"]}]},{"@type":"ImageObject","inLanguage":"fr-FR","@id":"https:\/\/www.lespierresparlent.com\/index.php\/2018\/06\/22\/4-langues-pour-la-cathedrale-de-versailles\/#primaryimage","url":"https:\/\/www.lespierresparlent.com\/wp-content\/uploads\/2018\/06\/798px-Cathedrale_saint_louis_versailles_quart-e1547817380434.jpg","contentUrl":"https:\/\/www.lespierresparlent.com\/wp-content\/uploads\/2018\/06\/798px-Cathedrale_saint_louis_versailles_quart-e1547817380434.jpg","width":450,"height":450,"caption":"CREATOR: gd-jpeg v1.0 (using IJG JPEG v62), quality = 82"},{"@type":"BreadcrumbList","@id":"https:\/\/www.lespierresparlent.com\/index.php\/2018\/06\/22\/4-langues-pour-la-cathedrale-de-versailles\/#breadcrumb","itemListElement":[{"@type":"ListItem","position":1,"name":"Accueil","item":"https:\/\/www.lespierresparlent.com\/"},{"@type":"ListItem","position":2,"name":"4 langues pour la cath\u00e9drale de Versailles"}]},{"@type":"WebSite","@id":"https:\/\/www.lespierresparlent.com\/#website","url":"https:\/\/www.lespierresparlent.com\/","name":"Les Pierres Parlent","description":"Audioguide sur smartphone","publisher":{"@id":"https:\/\/www.lespierresparlent.com\/#organization"},"potentialAction":[{"@type":"SearchAction","target":{"@type":"EntryPoint","urlTemplate":"https:\/\/www.lespierresparlent.com\/?s={search_term_string}"},"query-input":{"@type":"PropertyValueSpecification","valueRequired":true,"valueName":"search_term_string"}}],"inLanguage":"fr-FR"},{"@type":"Organization","@id":"https:\/\/www.lespierresparlent.com\/#organization","name":"Les Pierres Parlent","url":"https:\/\/www.lespierresparlent.com\/","logo":{"@type":"ImageObject","inLanguage":"fr-FR","@id":"https:\/\/www.lespierresparlent.com\/#\/schema\/logo\/image\/","url":"https:\/\/www.lespierresparlent.com\/wp-content\/uploads\/2019\/04\/cropped-blue.png","contentUrl":"https:\/\/www.lespierresparlent.com\/wp-content\/uploads\/2019\/04\/cropped-blue.png","width":2638,"height":1695,"caption":"Les Pierres Parlent"},"image":{"@id":"https:\/\/www.lespierresparlent.com\/#\/schema\/logo\/image\/"}},{"@type":"Person","@id":"https:\/\/www.lespierresparlent.com\/#\/schema\/person\/98347f16c99dc147448c85eb19b0b5d6","name":"antoine","image":{"@type":"ImageObject","inLanguage":"fr-FR","@id":"https:\/\/secure.gravatar.com\/avatar\/91bffd4b6e69b3482d41315c6ca0ab07be309abcd7d347d6366bac3517ec185b?s=96&d=mm&r=g","url":"https:\/\/secure.gravatar.com\/avatar\/91bffd4b6e69b3482d41315c6ca0ab07be309abcd7d347d6366bac3517ec185b?s=96&d=mm&r=g","contentUrl":"https:\/\/secure.gravatar.com\/avatar\/91bffd4b6e69b3482d41315c6ca0ab07be309abcd7d347d6366bac3517ec185b?s=96&d=mm&r=g","caption":"antoine"},"url":"https:\/\/www.lespierresparlent.com\/index.php\/author\/antoine\/"}]}},"_links":{"self":[{"href":"https:\/\/www.lespierresparlent.com\/index.php\/wp-json\/wp\/v2\/posts\/549","targetHints":{"allow":["GET"]}}],"collection":[{"href":"https:\/\/www.lespierresparlent.com\/index.php\/wp-json\/wp\/v2\/posts"}],"about":[{"href":"https:\/\/www.lespierresparlent.com\/index.php\/wp-json\/wp\/v2\/types\/post"}],"author":[{"embeddable":true,"href":"https:\/\/www.lespierresparlent.com\/index.php\/wp-json\/wp\/v2\/users\/1"}],"replies":[{"embeddable":true,"href":"https:\/\/www.lespierresparlent.com\/index.php\/wp-json\/wp\/v2\/comments?post=549"}],"version-history":[{"count":1,"href":"https:\/\/www.lespierresparlent.com\/index.php\/wp-json\/wp\/v2\/posts\/549\/revisions"}],"predecessor-version":[{"id":550,"href":"https:\/\/www.lespierresparlent.com\/index.php\/wp-json\/wp\/v2\/posts\/549\/revisions\/550"}],"wp:featuredmedia":[{"embeddable":true,"href":"https:\/\/www.lespierresparlent.com\/index.php\/wp-json\/wp\/v2\/media\/833"}],"wp:attachment":[{"href":"https:\/\/www.lespierresparlent.com\/index.php\/wp-json\/wp\/v2\/media?parent=549"}],"wp:term":[{"taxonomy":"category","embeddable":true,"href":"https:\/\/www.lespierresparlent.com\/index.php\/wp-json\/wp\/v2\/categories?post=549"},{"taxonomy":"post_tag","embeddable":true,"href":"https:\/\/www.lespierresparlent.com\/index.php\/wp-json\/wp\/v2\/tags?post=549"}],"curies":[{"name":"wp","href":"https:\/\/api.w.org\/{rel}","templated":true}]}}